{"id":3433,"date":"2022-12-01T11:34:55","date_gmt":"2022-12-01T10:34:55","guid":{"rendered":"https:\/\/mamare.es\/?p=3433"},"modified":"2022-12-01T11:54:48","modified_gmt":"2022-12-01T10:54:48","slug":"exposicio-fotografica-pits-a-laire-descobrint-les-mamelles-de-mama","status":"publish","type":"post","link":"https:\/\/mamare.es\/es_es\/2022\/12\/01\/exposicio-fotografica-pits-a-laire-descobrint-les-mamelles-de-mama\/","title":{"rendered":"Exposici\u00f3 fotogr\u00e0fica \u00abPITS A L&#8217;AIRE. Descobrint les mamelles de mam\u00e0.\u00bb"},"content":{"rendered":"\n<p>Des de Mamare presentem una exposici\u00f3 de 82 fotografies de pits de dones que alleten els seus fills o ho han fet en el passat. S\u00f3n mares entre 23 i 68 anys. Les fotografies mostren nom\u00e9s el tors, ja que s\u00f3n an\u00f2nimes. Les imatges estan acompanyades d&#8217;una petita explicaci\u00f3 o comentari sobre la seva experi\u00e8ncia a l&#8217;alletament enviada per la mare fotografiada.<\/p>\n\n\n\n<p>L&#8217;objectiu \u00e9s mostrar i reivindicar la funci\u00f3 dels pits femenins com a \u00f2rgans capa\u00e7os d&#8217;alimentar i cuidar les criatures humanes, m\u00e9s enll\u00e0 del tab\u00fa que envolta els pits de les dones perqu\u00e8 se&#8217;ls redueix a la faceta d&#8217;objecte de desig er\u00f2tic. Es tracta de conscienciar sobre la import\u00e0ncia de la lact\u00e0ncia, el poder del pit de la dona per alimentar i cuidar la seva cria i la riquesa de donar el millor des dels nostres propis cossos. Pret\u00e9n comprendre la seva funci\u00f3 i tamb\u00e9 descobrir, reivindicar i celebrar la diversitat i la bellesa.<\/p>\n\n\n\n<p>Les fotografies estaran exposades durant diverses setmanes al corredor de la tercera planta de l&#8217;Hospital General Universitari de Castell\u00f3. La mostra va ser presentada el 30 de novembre a la sala d&#8217;actes de l&#8217;Hospital General Universitari de Castell\u00f3, dins la Jornada de Lact\u00e0ncia que va celebrar aquest centre sanitari.<\/p>\n\n\n\n<p>Destaquem algunes de les frases que les dones de les fotografies ens han fet arribar a Mamare acompanyant la imatge dels pits. S\u00f3n les seg\u00fcents: \u201cVisca tal com som i estem\u201d, \u201cEls meus pits m&#8217;agraden m\u00e9s ara\u201d, \u201cEls sento poderosos i m\u00e0gics en lloc d&#8217;objectes de desig\u201d, \u201cFont d&#8217;amor i aix\u00f2 els fa preciosos\u201d , \u201cPits reals, pits bells\u201d, \u201cLa lact\u00e0ncia m&#8217;ha fet reconciliar-me amb les meues mamelles\u201d, \u201cPits reals aqu\u00ed i ara\u201d, \u201cFant\u00e0stica naturalesa que ens proveeix amb abund\u00e0ncia i perfecta imperfecci\u00f3\u201d, \u201cMirant enrere em sent molt orgullosa de les meues mamelles\u201d.<\/p>\n\n\n\n<figure class=\"wp-block-image size-large\"><img decoding=\"async\" loading=\"lazy\" width=\"1024\" height=\"1024\" src=\"https:\/\/mamare.es\/wp-content\/uploads\/2022\/12\/exposicio-pits-a-laire-1-1024x1024.jpeg\" alt=\"\" class=\"wp-image-3448\" srcset=\"https:\/\/mamare.es\/wp-content\/uploads\/2022\/12\/exposicio-pits-a-laire-1-1024x1024.jpeg 1024w, https:\/\/mamare.es\/wp-content\/uploads\/2022\/12\/exposicio-pits-a-laire-1-300x300.jpeg 300w, https:\/\/mamare.es\/wp-content\/uploads\/2022\/12\/exposicio-pits-a-laire-1-150x150.jpeg 150w, https:\/\/mamare.es\/wp-content\/uploads\/2022\/12\/exposicio-pits-a-laire-1-768x768.jpeg 768w, https:\/\/mamare.es\/wp-content\/uploads\/2022\/12\/exposicio-pits-a-laire-1-1536x1536.jpeg 1536w, https:\/\/mamare.es\/wp-content\/uploads\/2022\/12\/exposicio-pits-a-laire-1-12x12.jpeg 12w, https:\/\/mamare.es\/wp-content\/uploads\/2022\/12\/exposicio-pits-a-laire-1.jpeg 1600w\" sizes=\"(max-width: 1024px) 100vw, 1024px\" \/><\/figure>\n","protected":false},"excerpt":{"rendered":"<p>Des de Mamare presentem una exposici\u00f3 de 82 fotografies de pits de dones que alleten els seus fills o ho han fet en el passat. S\u00f3n mares entre 23 i 68 anys. Les fotografies mostren nom\u00e9s el tors, ja que s\u00f3n an\u00f2nimes. Les imatges estan acompanyades d&#8217;una petita explicaci\u00f3 o comentari sobre la seva experi\u00e8ncia&hellip;<\/p>\n","protected":false},"author":3,"featured_media":3447,"comment_status":"open","ping_status":"open","sticky":false,"template":"","format":"standard","meta":{"footnotes":""},"categories":[16],"tags":[],"yoast_head":"<!-- This site is optimized with the Yoast SEO plugin v20.1 - https:\/\/yoast.com\/wordpress\/plugins\/seo\/ -->\n<title>Exposici\u00f3 fotogr\u00e0fica &quot;PITS A L&#039;AIRE. Descobrint les mamelles de mam\u00e0.&quot; - Mamare<\/title>\n<meta name=\"robots\" content=\"index, follow, max-snippet:-1, max-image-preview:large, max-video-preview:-1\" \/>\n<link rel=\"canonical\" href=\"https:\/\/mamare.es\/es_es\/2022\/12\/01\/exposicio-fotografica-pits-a-laire-descobrint-les-mamelles-de-mama\/\" \/>\n<meta property=\"og:locale\" content=\"es_ES\" \/>\n<meta property=\"og:type\" content=\"article\" \/>\n<meta property=\"og:title\" content=\"Exposici\u00f3 fotogr\u00e0fica &quot;PITS A L&#039;AIRE. Descobrint les mamelles de mam\u00e0.&quot; - Mamare\" \/>\n<meta property=\"og:description\" content=\"Des de Mamare presentem una exposici\u00f3 de 82 fotografies de pits de dones que alleten els seus fills o ho han fet en el passat. S\u00f3n mares entre 23 i 68 anys. Les fotografies mostren nom\u00e9s el tors, ja que s\u00f3n an\u00f2nimes. Les imatges estan acompanyades d&#8217;una petita explicaci\u00f3 o comentari sobre la seva experi\u00e8ncia&hellip;\" \/>\n<meta property=\"og:url\" content=\"https:\/\/mamare.es\/es_es\/2022\/12\/01\/exposicio-fotografica-pits-a-laire-descobrint-les-mamelles-de-mama\/\" \/>\n<meta property=\"og:site_name\" content=\"Mamare\" \/>\n<meta property=\"article:published_time\" content=\"2022-12-01T10:34:55+00:00\" \/>\n<meta property=\"article:modified_time\" content=\"2022-12-01T10:54:48+00:00\" \/>\n<meta property=\"og:image\" content=\"https:\/\/mamare.es\/wp-content\/uploads\/2022\/12\/WhatsApp-Image-2022-11-23-at-22.47.23.jpeg\" \/>\n\t<meta property=\"og:image:width\" content=\"1024\" \/>\n\t<meta property=\"og:image:height\" content=\"637\" \/>\n\t<meta property=\"og:image:type\" content=\"image\/jpeg\" \/>\n<meta name=\"author\" content=\"Pilar\" \/>\n<meta name=\"twitter:card\" content=\"summary_large_image\" \/>\n<meta name=\"twitter:label1\" content=\"Escrito por\" \/>\n\t<meta name=\"twitter:data1\" content=\"Pilar\" \/>\n\t<meta name=\"twitter:label2\" content=\"Tiempo de lectura\" \/>\n\t<meta name=\"twitter:data2\" content=\"2 minutos\" \/>\n<script type=\"application\/ld+json\" class=\"yoast-schema-graph\">{\"@context\":\"https:\/\/schema.org\",\"@graph\":[{\"@type\":\"WebPage\",\"@id\":\"https:\/\/mamare.es\/ca\/2022\/12\/01\/exposicio-fotografica-pits-a-laire-descobrint-les-mamelles-de-mama\/\",\"url\":\"https:\/\/mamare.es\/ca\/2022\/12\/01\/exposicio-fotografica-pits-a-laire-descobrint-les-mamelles-de-mama\/\",\"name\":\"Exposici\u00f3 fotogr\u00e0fica \\\"PITS A L'AIRE. Descobrint les mamelles de mam\u00e0.\\\" - Mamare\",\"isPartOf\":{\"@id\":\"https:\/\/mamare.es\/#website\"},\"datePublished\":\"2022-12-01T10:34:55+00:00\",\"dateModified\":\"2022-12-01T10:54:48+00:00\",\"author\":{\"@id\":\"https:\/\/mamare.es\/#\/schema\/person\/fe2bb839265fb79a0e91c48fa132e492\"},\"breadcrumb\":{\"@id\":\"https:\/\/mamare.es\/ca\/2022\/12\/01\/exposicio-fotografica-pits-a-laire-descobrint-les-mamelles-de-mama\/#breadcrumb\"},\"inLanguage\":\"es\",\"potentialAction\":[{\"@type\":\"ReadAction\",\"target\":[\"https:\/\/mamare.es\/ca\/2022\/12\/01\/exposicio-fotografica-pits-a-laire-descobrint-les-mamelles-de-mama\/\"]}]},{\"@type\":\"BreadcrumbList\",\"@id\":\"https:\/\/mamare.es\/ca\/2022\/12\/01\/exposicio-fotografica-pits-a-laire-descobrint-les-mamelles-de-mama\/#breadcrumb\",\"itemListElement\":[{\"@type\":\"ListItem\",\"position\":1,\"name\":\"Portada\",\"item\":\"https:\/\/mamare.es\/\"},{\"@type\":\"ListItem\",\"position\":2,\"name\":\"Exposici\u00f3 fotogr\u00e0fica \u00abPITS A L&#8217;AIRE. Descobrint les mamelles de mam\u00e0.\u00bb\"}]},{\"@type\":\"WebSite\",\"@id\":\"https:\/\/mamare.es\/#website\",\"url\":\"https:\/\/mamare.es\/\",\"name\":\"Mamare\",\"description\":\"Apoyo Madre a Madre\",\"potentialAction\":[{\"@type\":\"SearchAction\",\"target\":{\"@type\":\"EntryPoint\",\"urlTemplate\":\"https:\/\/mamare.es\/?s={search_term_string}\"},\"query-input\":\"required name=search_term_string\"}],\"inLanguage\":\"es\"},{\"@type\":\"Person\",\"@id\":\"https:\/\/mamare.es\/#\/schema\/person\/fe2bb839265fb79a0e91c48fa132e492\",\"name\":\"Pilar\",\"image\":{\"@type\":\"ImageObject\",\"inLanguage\":\"es\",\"@id\":\"https:\/\/mamare.es\/#\/schema\/person\/image\/\",\"url\":\"https:\/\/secure.gravatar.com\/avatar\/b3ce0efdc73cfb09663e98080539ba76?s=96&d=mm&r=g\",\"contentUrl\":\"https:\/\/secure.gravatar.com\/avatar\/b3ce0efdc73cfb09663e98080539ba76?s=96&d=mm&r=g\",\"caption\":\"Pilar\"},\"url\":\"https:\/\/mamare.es\/es_es\/author\/pilar\/\"}]}<\/script>\n<!-- \/ Yoast SEO plugin. -->","yoast_head_json":{"title":"Exposici\u00f3 fotogr\u00e0fica \"PITS A L'AIRE. Descobrint les mamelles de mam\u00e0.\" - Mamare","robots":{"index":"index","follow":"follow","max-snippet":"max-snippet:-1","max-image-preview":"max-image-preview:large","max-video-preview":"max-video-preview:-1"},"canonical":"https:\/\/mamare.es\/es_es\/2022\/12\/01\/exposicio-fotografica-pits-a-laire-descobrint-les-mamelles-de-mama\/","og_locale":"es_ES","og_type":"article","og_title":"Exposici\u00f3 fotogr\u00e0fica \"PITS A L'AIRE. Descobrint les mamelles de mam\u00e0.\" - Mamare","og_description":"Des de Mamare presentem una exposici\u00f3 de 82 fotografies de pits de dones que alleten els seus fills o ho han fet en el passat. S\u00f3n mares entre 23 i 68 anys. Les fotografies mostren nom\u00e9s el tors, ja que s\u00f3n an\u00f2nimes. Les imatges estan acompanyades d&#8217;una petita explicaci\u00f3 o comentari sobre la seva experi\u00e8ncia&hellip;","og_url":"https:\/\/mamare.es\/es_es\/2022\/12\/01\/exposicio-fotografica-pits-a-laire-descobrint-les-mamelles-de-mama\/","og_site_name":"Mamare","article_published_time":"2022-12-01T10:34:55+00:00","article_modified_time":"2022-12-01T10:54:48+00:00","og_image":[{"width":1024,"height":637,"url":"https:\/\/mamare.es\/wp-content\/uploads\/2022\/12\/WhatsApp-Image-2022-11-23-at-22.47.23.jpeg","type":"image\/jpeg"}],"author":"Pilar","twitter_card":"summary_large_image","twitter_misc":{"Escrito por":"Pilar","Tiempo de lectura":"2 minutos"},"schema":{"@context":"https:\/\/schema.org","@graph":[{"@type":"WebPage","@id":"https:\/\/mamare.es\/ca\/2022\/12\/01\/exposicio-fotografica-pits-a-laire-descobrint-les-mamelles-de-mama\/","url":"https:\/\/mamare.es\/ca\/2022\/12\/01\/exposicio-fotografica-pits-a-laire-descobrint-les-mamelles-de-mama\/","name":"Exposici\u00f3 fotogr\u00e0fica \"PITS A L'AIRE. Descobrint les mamelles de mam\u00e0.\" - Mamare","isPartOf":{"@id":"https:\/\/mamare.es\/#website"},"datePublished":"2022-12-01T10:34:55+00:00","dateModified":"2022-12-01T10:54:48+00:00","author":{"@id":"https:\/\/mamare.es\/#\/schema\/person\/fe2bb839265fb79a0e91c48fa132e492"},"breadcrumb":{"@id":"https:\/\/mamare.es\/ca\/2022\/12\/01\/exposicio-fotografica-pits-a-laire-descobrint-les-mamelles-de-mama\/#breadcrumb"},"inLanguage":"es","potentialAction":[{"@type":"ReadAction","target":["https:\/\/mamare.es\/ca\/2022\/12\/01\/exposicio-fotografica-pits-a-laire-descobrint-les-mamelles-de-mama\/"]}]},{"@type":"BreadcrumbList","@id":"https:\/\/mamare.es\/ca\/2022\/12\/01\/exposicio-fotografica-pits-a-laire-descobrint-les-mamelles-de-mama\/#breadcrumb","itemListElement":[{"@type":"ListItem","position":1,"name":"Portada","item":"https:\/\/mamare.es\/"},{"@type":"ListItem","position":2,"name":"Exposici\u00f3 fotogr\u00e0fica \u00abPITS A L&#8217;AIRE. Descobrint les mamelles de mam\u00e0.\u00bb"}]},{"@type":"WebSite","@id":"https:\/\/mamare.es\/#website","url":"https:\/\/mamare.es\/","name":"Mamare","description":"Apoyo Madre a Madre","potentialAction":[{"@type":"SearchAction","target":{"@type":"EntryPoint","urlTemplate":"https:\/\/mamare.es\/?s={search_term_string}"},"query-input":"required name=search_term_string"}],"inLanguage":"es"},{"@type":"Person","@id":"https:\/\/mamare.es\/#\/schema\/person\/fe2bb839265fb79a0e91c48fa132e492","name":"Pilar","image":{"@type":"ImageObject","inLanguage":"es","@id":"https:\/\/mamare.es\/#\/schema\/person\/image\/","url":"https:\/\/secure.gravatar.com\/avatar\/b3ce0efdc73cfb09663e98080539ba76?s=96&d=mm&r=g","contentUrl":"https:\/\/secure.gravatar.com\/avatar\/b3ce0efdc73cfb09663e98080539ba76?s=96&d=mm&r=g","caption":"Pilar"},"url":"https:\/\/mamare.es\/es_es\/author\/pilar\/"}]}},"_links":{"self":[{"href":"https:\/\/mamare.es\/es_es\/wp-json\/wp\/v2\/posts\/3433"}],"collection":[{"href":"https:\/\/mamare.es\/es_es\/wp-json\/wp\/v2\/posts"}],"about":[{"href":"https:\/\/mamare.es\/es_es\/wp-json\/wp\/v2\/types\/post"}],"author":[{"embeddable":true,"href":"https:\/\/mamare.es\/es_es\/wp-json\/wp\/v2\/users\/3"}],"replies":[{"embeddable":true,"href":"https:\/\/mamare.es\/es_es\/wp-json\/wp\/v2\/comments?post=3433"}],"version-history":[{"count":3,"href":"https:\/\/mamare.es\/es_es\/wp-json\/wp\/v2\/posts\/3433\/revisions"}],"predecessor-version":[{"id":3451,"href":"https:\/\/mamare.es\/es_es\/wp-json\/wp\/v2\/posts\/3433\/revisions\/3451"}],"wp:featuredmedia":[{"embeddable":true,"href":"https:\/\/mamare.es\/es_es\/wp-json\/wp\/v2\/media\/3447"}],"wp:attachment":[{"href":"https:\/\/mamare.es\/es_es\/wp-json\/wp\/v2\/media?parent=3433"}],"wp:term":[{"taxonomy":"category","embeddable":true,"href":"https:\/\/mamare.es\/es_es\/wp-json\/wp\/v2\/categories?post=3433"},{"taxonomy":"post_tag","embeddable":true,"href":"https:\/\/mamare.es\/es_es\/wp-json\/wp\/v2\/tags?post=3433"}],"curies":[{"name":"wp","href":"https:\/\/api.w.org\/{rel}","templated":true}]}}